{"id":502,"date":"2023-08-10T11:27:04","date_gmt":"2023-08-10T10:27:04","guid":{"rendered":"https:\/\/www.lamanufabrique.com\/?p=502"},"modified":"2024-05-26T12:59:07","modified_gmt":"2024-05-26T11:59:07","slug":"carte-voeux-2022","status":"publish","type":"post","link":"https:\/\/www.lamanufabrique.com\/wordpress\/carte-voeux-2022\/","title":{"rendered":"Lieux-dits"},"content":{"rendered":"\n<div class=\"wp-block-group alignfull has-background has-global-padding is-layout-constrained wp-container-core-group-is-layout-b11a2278 wp-block-group-is-layout-constrained\" style=\"background-color:#f8a900;margin-top:0;margin-bottom:0;padding-top:var(--wp--preset--spacing--40);padding-right:0;padding-bottom:0;padding-left:0\">\n<div class=\"wp-block-group alignfull is-layout-flow wp-block-group-is-layout-flow\" style=\"padding-right:0;padding-left:0\">\n<div class=\"wp-block-group tw-align-baseline is-layout-flow wp-block-group-is-layout-flow\" style=\"margin-top:0;margin-bottom:0;padding-top:0;padding-right:0;padding-bottom:0;padding-left:0\">\n<div class=\"wp-block-group tw-stretched-link is-layout-flow wp-block-group-is-layout-flow\" style=\"padding-right:var(--wp--preset--spacing--40);padding-left:var(--wp--preset--spacing--40)\">\n<p class=\"has-contrast-color has-text-color has-link-color has-small-font-size wp-elements-8ae9926239a492db9113504acab13780\" style=\"font-style:normal;font-weight:700;letter-spacing:1px\">&lt;&lt; Retour menu<\/p>\n\n\n\n<a href=\"javascript:history.go(-1)\"><\/a>\n<\/div>\n<\/div>\n<\/div>\n\n\n\n<div class=\"wp-block-group alignwide has-global-padding is-layout-constrained wp-container-core-group-is-layout-720d350a wp-block-group-is-layout-constrained\" style=\"margin-top:var(--wp--preset--spacing--30);margin-bottom:var(--wp--preset--spacing--50);padding-top:0;padding-right:var(--wp--preset--spacing--50);padding-bottom:0;padding-left:var(--wp--preset--spacing--50)\">\n<div class=\"wp-block-columns alignwide is-layout-flex wp-container-core-columns-is-layout-d0b3c9c8 wp-block-columns-is-layout-flex\">\n<div class=\"wp-block-column is-layout-flow wp-block-column-is-layout-flow\" style=\"--col-width:40%;flex-basis:40%\"><\/div>\n\n\n\n<div class=\"wp-block-column is-layout-flow wp-block-column-is-layout-flow\" style=\"--col-width:60%;flex-basis:60%\">\n<p class=\"has-tw-font-1-font-family has-x-large-font-size\" style=\"line-height:1.2\">En 2022, \u00e9coutons ce que les lieux disent\u2026<\/p>\n<\/div>\n<\/div>\n\n\n\n<div style=\"height:var(--wp--preset--spacing--40)\" aria-hidden=\"true\" class=\"wp-block-spacer\"><\/div>\n\n\n\n<p>Ci-dessous la carte de v\u0153ux 2022 du Conseil d&rsquo;architecture, d&rsquo;urbanisme et de l&rsquo;environnement des Bouches-du-Rh\u00f4ne au format affiche ; elle permet au recto de repr\u00e9senter le territoire Bucco-Rhodanien de mati\u00e8re ponctuelle. Au verso, la toponymie appara\u00eet, un calendrier vient compl\u00e9ter l&rsquo;ouvrage.<\/p>\n\n\n\n<figure class=\"wp-block-gallery alignwide has-nested-images columns-default tw-cols-large wp-block-gallery-2 is-layout-flex wp-block-gallery-is-layout-flex\">\n<figure class=\"wp-block-image size-full\"><img loading=\"lazy\" decoding=\"async\" width=\"1920\" height=\"1276\" data-id=\"832\" src=\"https:\/\/www.lamanufabrique.com\/wordpress\/wp-content\/uploads\/2023\/11\/voeux2022_15-EXE-scaled.jpg\" alt=\"\" class=\"wp-image-832\" srcset=\"https:\/\/www.lamanufabrique.com\/wordpress\/wp-content\/uploads\/2023\/11\/voeux2022_15-EXE-scaled.jpg 1920w, https:\/\/www.lamanufabrique.com\/wordpress\/wp-content\/uploads\/2023\/11\/voeux2022_15-EXE-650x432.jpg 650w, https:\/\/www.lamanufabrique.com\/wordpress\/wp-content\/uploads\/2023\/11\/voeux2022_15-EXE-1200x797.jpg 1200w, https:\/\/www.lamanufabrique.com\/wordpress\/wp-content\/uploads\/2023\/11\/voeux2022_15-EXE-768x510.jpg 768w, https:\/\/www.lamanufabrique.com\/wordpress\/wp-content\/uploads\/2023\/11\/voeux2022_15-EXE-1536x1021.jpg 1536w, https:\/\/www.lamanufabrique.com\/wordpress\/wp-content\/uploads\/2023\/11\/voeux2022_15-EXE-2048x1361.jpg 2048w\" sizes=\"auto, (max-width: 1920px) 100vw, 1920px\" \/><\/figure>\n\n\n\n<figure class=\"wp-block-image size-full\"><img loading=\"lazy\" decoding=\"async\" width=\"1920\" height=\"1276\" data-id=\"833\" src=\"https:\/\/www.lamanufabrique.com\/wordpress\/wp-content\/uploads\/2023\/11\/voeux2022_15-EXE2-scaled.jpg\" alt=\"\" class=\"wp-image-833\" srcset=\"https:\/\/www.lamanufabrique.com\/wordpress\/wp-content\/uploads\/2023\/11\/voeux2022_15-EXE2-scaled.jpg 1920w, https:\/\/www.lamanufabrique.com\/wordpress\/wp-content\/uploads\/2023\/11\/voeux2022_15-EXE2-650x432.jpg 650w, https:\/\/www.lamanufabrique.com\/wordpress\/wp-content\/uploads\/2023\/11\/voeux2022_15-EXE2-1200x797.jpg 1200w, https:\/\/www.lamanufabrique.com\/wordpress\/wp-content\/uploads\/2023\/11\/voeux2022_15-EXE2-768x510.jpg 768w, https:\/\/www.lamanufabrique.com\/wordpress\/wp-content\/uploads\/2023\/11\/voeux2022_15-EXE2-1536x1021.jpg 1536w, https:\/\/www.lamanufabrique.com\/wordpress\/wp-content\/uploads\/2023\/11\/voeux2022_15-EXE2-2048x1361.jpg 2048w\" sizes=\"auto, (max-width: 1920px) 100vw, 1920px\" \/><\/figure>\n<\/figure>\n<\/div>\n\n\n\n<div class=\"wp-block-columns alignfull is-not-stacked-on-mobile is-layout-flex wp-container-core-columns-is-layout-8b1f8d73 wp-block-columns-is-layout-flex\" style=\"border-style:none;border-width:0px;margin-top:0;margin-bottom:0;padding-top:0;padding-bottom:0\">\n<div class=\"wp-block-column has-contrast-3-background-color has-background is-layout-flow wp-container-core-column-is-layout-11b1d6fd wp-block-column-is-layout-flow\" style=\"--col-width:100%;border-style:none;border-width:0px;padding-top:0;padding-right:0;padding-bottom:0;padding-left:0;flex-basis:100%\">\n<iframe width='100%' height='800px' src=\"https:\/\/api.mapbox.com\/styles\/v1\/eguillemart\/ckw0fkihg4ne515tb1cw1f0r6.html?title=false&#038;access_token=pk.eyJ1IjoiZWd1aWxsZW1hcnQiLCJhIjoiZDB6aUhjQSJ9.4g5Etxn9M5owfPhlZMyxQA&#038;zoomwheel=false#9\/43.5408\/5.0453\" title=\"Carte V\u0153ux\" style=\"border:none;\"><\/iframe>\n<\/div>\n<\/div>\n\n\n\n<div class=\"wp-block-group alignfull is-layout-flow wp-block-group-is-layout-flow\" style=\"padding-top:var(--wp--preset--spacing--10);padding-right:0;padding-bottom:var(--wp--preset--spacing--40);padding-left:0\">\n<div class=\"wp-block-group tw-align-baseline is-layout-flow wp-block-group-is-layout-flow\" style=\"margin-top:0;margin-bottom:0;padding-top:0;padding-right:0;padding-bottom:0;padding-left:0\">\n<div class=\"wp-block-group tw-stretched-link is-layout-flow wp-block-group-is-layout-flow\" style=\"padding-right:var(--wp--preset--spacing--40);padding-left:var(--wp--preset--spacing--40)\">\n<p class=\"has-contrast-color has-text-color has-link-color has-small-font-size wp-elements-8ae9926239a492db9113504acab13780\" style=\"font-style:normal;font-weight:700;letter-spacing:1px\">&lt;&lt; Retour menu<\/p>\n\n\n\n<a href=\"javascript:history.go(-1)\"><\/a>\n<\/div>\n<\/div>\n<\/div>\n<\/div>\n","protected":false},"excerpt":{"rendered":"<p>En 2022, \u00e9coutons ce que les lieux disent\u2026 Ci-dessous la carte de v\u0153ux 2022 du Conseil d&rsquo;architecture, d&rsquo;urbanisme et de l&rsquo;environnement des Bouches-du-Rh\u00f4ne au format affiche ; elle permet au recto de repr\u00e9senter le territoire Bucco-Rhodanien de mati\u00e8re ponctuelle. Au verso, la toponymie appara\u00eet, un calendrier vient compl\u00e9ter l&rsquo;ouvrage.<\/p>\n","protected":false},"author":3,"featured_media":821,"comment_status":"closed","ping_status":"","sticky":false,"template":"","format":"standard","meta":{"footnotes":""},"categories":[3],"tags":[30,32],"class_list":["post-502","post","type-post","status-publish","format-standard","has-post-thumbnail","hentry","category-portfolio","tag-affiche","tag-cartographie"],"_links":{"self":[{"href":"https:\/\/www.lamanufabrique.com\/wordpress\/wp-json\/wp\/v2\/posts\/502","targetHints":{"allow":["GET"]}}],"collection":[{"href":"https:\/\/www.lamanufabrique.com\/wordpress\/wp-json\/wp\/v2\/posts"}],"about":[{"href":"https:\/\/www.lamanufabrique.com\/wordpress\/wp-json\/wp\/v2\/types\/post"}],"author":[{"embeddable":true,"href":"https:\/\/www.lamanufabrique.com\/wordpress\/wp-json\/wp\/v2\/users\/3"}],"replies":[{"embeddable":true,"href":"https:\/\/www.lamanufabrique.com\/wordpress\/wp-json\/wp\/v2\/comments?post=502"}],"version-history":[{"count":49,"href":"https:\/\/www.lamanufabrique.com\/wordpress\/wp-json\/wp\/v2\/posts\/502\/revisions"}],"predecessor-version":[{"id":1108,"href":"https:\/\/www.lamanufabrique.com\/wordpress\/wp-json\/wp\/v2\/posts\/502\/revisions\/1108"}],"wp:featuredmedia":[{"embeddable":true,"href":"https:\/\/www.lamanufabrique.com\/wordpress\/wp-json\/wp\/v2\/media\/821"}],"wp:attachment":[{"href":"https:\/\/www.lamanufabrique.com\/wordpress\/wp-json\/wp\/v2\/media?parent=502"}],"wp:term":[{"taxonomy":"category","embeddable":true,"href":"https:\/\/www.lamanufabrique.com\/wordpress\/wp-json\/wp\/v2\/categories?post=502"},{"taxonomy":"post_tag","embeddable":true,"href":"https:\/\/www.lamanufabrique.com\/wordpress\/wp-json\/wp\/v2\/tags?post=502"}],"curies":[{"name":"wp","href":"https:\/\/api.w.org\/{rel}","templated":true}]}}